{"id":13444,"__str__":"REPRESENTA\u00c7\u00c3O n\u00ba 7 de 2026","link_detail_backend":"/materia/13444","metadata":{"signs":{"texto_original":{"admin":[],"autores":[["Ivonete Lacerda Assis",["2026-03-02T11:39:35-03:00","Gov-Br"]]]}}},"numero":7,"ano":2026,"numero_protocolo":615,"data_apresentacao":"2026-03-02","tipo_apresentacao":"","data_publicacao":null,"numero_origem_externa":"","ano_origem_externa":null,"data_origem_externa":null,"apelido":"","dias_prazo":null,"data_fim_prazo":null,"em_tramitacao":false,"polemica":false,"objeto":"","complementar":false,"ementa":"REPRESENTA\u00c7\u00c3O a Energisa com a solicita\u00e7\u00e3o de provid\u00eancias quanto a quedas frequentes de energia na regi\u00e3o de \u00c1guas Claras, Distrito de Vermelho.","indexacao":"","observacao":"","resultado":"","texto_original":"http://sapl.muriae.mg.leg.br/media/sapl/public/materialegislativa/2026/13444/representacao_energisa_-agua_claras_-_vermelho.pdf","data_ultima_atualizacao":"2026-03-03T14:30:36.614116-03:00","ip":"","ultima_edicao":null,"tipo":21,"regime_tramitacao":1,"tipo_origem_externa":null,"local_origem_externa":null,"user":null,"anexadas":[],"autores":[71]}