{"id":12761,"__str__":"EMENDA n\u00ba 145 de 2025","link_detail_backend":"/materia/12761","metadata":{"signs":{"texto_original":{"admin":[],"autores":[["Leonardo Pereira e Silva",["2025-11-09T11:08:44-03:00","Gov-Br"]]]}}},"numero":145,"ano":2025,"numero_protocolo":4396,"data_apresentacao":"2025-11-10","tipo_apresentacao":"","data_publicacao":null,"numero_origem_externa":"","ano_origem_externa":null,"data_origem_externa":null,"apelido":"","dias_prazo":null,"data_fim_prazo":null,"em_tramitacao":false,"polemica":false,"objeto":"","complementar":false,"ementa":"Emenda ao Projeto de Lei n\u00ba 373/2025 - Emenda Impositiva Individual. Refor\u00e7o de dota\u00e7\u00e3o or\u00e7ament\u00e1ria para repasse \u00e0  entidade R\u00c1DIO CATEDRAL \u2013 FUNDA\u00c7\u00c3O PADRE ENIO/FUENIO \u2013 CNPJ n\u00ba 02.625.727/0001-90.","indexacao":"","observacao":"","resultado":"","texto_original":"http://sapl.muriae.mg.leg.br/media/sapl/public/materialegislativa/2025/12761/14emenda.radio_catedral_assinado.pdf","data_ultima_atualizacao":"2025-11-10T08:57:24.802496-03:00","ip":"","ultima_edicao":null,"tipo":11,"regime_tramitacao":1,"tipo_origem_externa":null,"local_origem_externa":null,"user":null,"anexadas":[],"autores":[73]}