{"id":12521,"__str__":"MO\u00c7\u00c3O n\u00ba 239 de 2025","link_detail_backend":"/materia/12521","metadata":{"signs":{"texto_original":{"admin":[],"autores":[["Elvandro Maciel da Silva",["2025-10-20T16:05:22-03:00","ICP-Brasil"]]]}}},"numero":239,"ano":2025,"numero_protocolo":4021,"data_apresentacao":"2025-10-20","tipo_apresentacao":"E","data_publicacao":null,"numero_origem_externa":"","ano_origem_externa":null,"data_origem_externa":null,"apelido":"","dias_prazo":null,"data_fim_prazo":null,"em_tramitacao":false,"polemica":false,"objeto":"","complementar":false,"ementa":"Mo\u00e7\u00e3o de Congratula\u00e7\u00e3o e Aplausos ao Ilmo. Sr. Ivo Geraldo Vardiero.","indexacao":"","observacao":"","resultado":"","texto_original":"http://sapl.muriae.mg.leg.br/media/sapl/public/materialegislativa/2025/12521/mocao_de_congratulacoes_e_aplausos_-_ivo_vardiero.pdf","data_ultima_atualizacao":"2025-10-21T09:31:53.262012-03:00","ip":"138.117.103.3","ultima_edicao":"2025-10-20T16:04:03.251280-03:00","tipo":22,"regime_tramitacao":1,"tipo_origem_externa":null,"local_origem_externa":null,"user":42,"anexadas":[],"autores":[21]}