{"id":12515,"__str__":"INDICA\u00c7\u00c3O n\u00ba 1202 de 2025","link_detail_backend":"/materia/12515","metadata":{"signs":{"texto_original":{"admin":[],"autores":[["Ivonete Lacerda Assis",["2025-10-20T10:54:26-03:00","Gov-Br"]]]}}},"numero":1202,"ano":2025,"numero_protocolo":4015,"data_apresentacao":"2025-10-20","tipo_apresentacao":"","data_publicacao":null,"numero_origem_externa":"","ano_origem_externa":null,"data_origem_externa":null,"apelido":"","dias_prazo":null,"data_fim_prazo":null,"em_tramitacao":false,"polemica":false,"objeto":"","complementar":false,"ementa":"INDICA\u00c7\u00c3O a Exma. SRA. Adriana Aparecida de Morais Ribeiro, \r\nSecret\u00e1ria Municipal do Meio Ambiente, com a solicita\u00e7\u00e3o de que seja realizado a \r\npoda de \u00e1rvore em toda a rua Francisco de Assis Carvalho no bairro Bom Pastor.","indexacao":"","observacao":"","resultado":"","texto_original":"http://sapl.muriae.mg.leg.br/media/sapl/public/materialegislativa/2025/12515/indicacao_poda_rua_francisco_de_assis_carvalhobom_pastor.pdf","data_ultima_atualizacao":"2025-10-21T09:30:58.965427-03:00","ip":"","ultima_edicao":null,"tipo":20,"regime_tramitacao":1,"tipo_origem_externa":null,"local_origem_externa":null,"user":null,"anexadas":[],"autores":[71]}