{"id":11899,"__str__":"PROJETO DE LEI n\u00ba 218 de 2025","link_detail_backend":"/materia/11899","metadata":{"signs":{"texto_original":{"admin":[],"autores":[["Elvandro Maciel da Silva",["2025-07-22T10:31:36-03:00","ICP-Brasil"]]]}}},"numero":218,"ano":2025,"numero_protocolo":2681,"data_apresentacao":"2025-07-22","tipo_apresentacao":"","data_publicacao":null,"numero_origem_externa":"","ano_origem_externa":null,"data_origem_externa":null,"apelido":"","dias_prazo":null,"data_fim_prazo":null,"em_tramitacao":false,"polemica":false,"objeto":"","complementar":false,"ementa":"Fica institu\u00eddo aos hipermercados e supermercados a adaptarem 5% (cinco por cento) de seus carrinhos de compras \u00e0s pessoas com defici\u00eancia ou com mobilidade reduzida.","indexacao":"","observacao":"","resultado":"","texto_original":"http://sapl.muriae.mg.leg.br/media/sapl/public/materialegislativa/2025/11899/projeto_de_lei_-_carrinho_supermercados.pdf","data_ultima_atualizacao":"2025-08-25T09:16:43.849035-03:00","ip":"","ultima_edicao":null,"tipo":1,"regime_tramitacao":1,"tipo_origem_externa":null,"local_origem_externa":null,"user":null,"anexadas":[],"autores":[21]}