{"id":11326,"__str__":"INDICA\u00c7\u00c3O n\u00ba 550 de 2025","link_detail_backend":"/materia/11326","metadata":{"signs":{"texto_original":{"admin":[],"autores":[["Ivonete Lacerda Assis",["2025-05-05T11:19:08-03:00","Gov-Br"]]]}}},"numero":550,"ano":2025,"numero_protocolo":1566,"data_apresentacao":"2025-05-05","tipo_apresentacao":"","data_publicacao":null,"numero_origem_externa":"","ano_origem_externa":null,"data_origem_externa":null,"apelido":"","dias_prazo":null,"data_fim_prazo":null,"em_tramitacao":false,"polemica":false,"objeto":"","complementar":false,"ementa":"INDICA\u00c7\u00c3O ao Exmo. SR. ALCEMAR FELIZARDO DE OLIVEIRA JUNIOR, DIRETOR GERAL DO DEMSUR, solicitando que seja feita a troca urgente da tampa de um bueiro localizada na rua Ab\u00edlio Jos\u00e9 Fritz, 35 no bairro Bom Pastor pr\u00f3ximo a escola municipal Alzira Chaves \r\nLacerda.","indexacao":"","observacao":"","resultado":"","texto_original":"http://sapl.muriae.mg.leg.br/media/sapl/public/materialegislativa/2025/11326/17_indicacao_substituicao_tampa_de_bueiro_bom_pastor.pdf","data_ultima_atualizacao":"2025-05-12T16:33:24.926446-03:00","ip":"","ultima_edicao":null,"tipo":20,"regime_tramitacao":1,"tipo_origem_externa":null,"local_origem_externa":null,"user":null,"anexadas":[],"autores":[71]}