{"id":11134,"__str__":"REPRESENTA\u00c7\u00c3O n\u00ba 6 de 2025","link_detail_backend":"/materia/11134","metadata":{},"numero":6,"ano":2025,"numero_protocolo":1170,"data_apresentacao":"2025-04-07","tipo_apresentacao":"","data_publicacao":null,"numero_origem_externa":"","ano_origem_externa":null,"data_origem_externa":null,"apelido":"","dias_prazo":null,"data_fim_prazo":null,"em_tramitacao":false,"polemica":false,"objeto":"","complementar":false,"ementa":"presente REPRESENTA\u00c7\u00c3O ao Gabinete do Deputado Estadual Cristiano Silveira solicitando que, no uso de sua lideran\u00e7a pol\u00edtica e sensibilidade social, interceda junto aos demais parlamentares da Assembleia Legislativa de Minas Gerais pela derrubada dos vetos n\u00ba 19 e 20, opostos pelo Excelent\u00edssimo Senhor Governador do Estado aos Projetos de Lei que tratam do asseguramento de direitos fundamentais \u00e0s pessoas com Transtorno do Espectro Autista (TEA) e de medidas de prote\u00e7\u00e3o e acolhimento \u00e0s m\u00e3es at\u00edpicas.","indexacao":"","observacao":"","resultado":"","texto_original":"http://sapl.muriae.mg.leg.br/media/sapl/public/materialegislativa/2025/11134/representacao_2025_cristiano_veto.pdf","data_ultima_atualizacao":"2025-06-10T13:30:09.730866-03:00","ip":"","ultima_edicao":null,"tipo":21,"regime_tramitacao":1,"tipo_origem_externa":null,"local_origem_externa":null,"user":null,"anexadas":[],"autores":[76]}