{"id":10268,"__str__":"INDICA\u00c7\u00c3O n\u00ba 345 de 2024","link_detail_backend":"/materia/10268","metadata":{"signs":{"texto_original":{"admin":[],"autores":[["Jair Sanches Abreu",["2024-10-14T09:10:58-03:00","ICP-Brasil"]]]}}},"numero":345,"ano":2024,"numero_protocolo":1863,"data_apresentacao":"2024-10-14","tipo_apresentacao":"","data_publicacao":null,"numero_origem_externa":"","ano_origem_externa":null,"data_origem_externa":null,"apelido":"","dias_prazo":null,"data_fim_prazo":null,"em_tramitacao":false,"polemica":false,"objeto":"","complementar":false,"ementa":"INDICA\u00c7\u00c3O AO DIRETOR GERAL DO DEMUTTRAN, Genir Carneiro da Rocha, com a solicita\u00e7\u00e3o de que sejam instaladas placas de estacionamento regulamentado (perman\u00eancia m\u00e1xima 15 minutos), na Av. Benedito Valadares, n\u00ba 353 (Com\u00e9rcio \u201cChaveiro da Barra \u2013 Ag\u00eancia do Mercado Livre\u201d).","indexacao":"","observacao":"","resultado":"","texto_original":"http://sapl.muriae.mg.leg.br/media/sapl/public/materialegislativa/2024/10268/demuttran_-_placa_15_minutos.pdf","data_ultima_atualizacao":"2024-10-15T09:34:06.960075-03:00","ip":"","ultima_edicao":null,"tipo":20,"regime_tramitacao":1,"tipo_origem_externa":null,"local_origem_externa":null,"user":null,"anexadas":[],"autores":[5]}