{"id":10015,"__str__":"PROJETO DE LEI n\u00ba 169 de 2024","link_detail_backend":"/materia/10015","metadata":{"signs":{"texto_original":{"admin":[],"autores":[["Marcos Guarino de Oliveira",["2024-06-18T16:16:12-03:00","ICP-Brasil"]]]}}},"numero":169,"ano":2024,"numero_protocolo":1285,"data_apresentacao":"2024-06-18","tipo_apresentacao":"","data_publicacao":null,"numero_origem_externa":"","ano_origem_externa":null,"data_origem_externa":null,"apelido":"","dias_prazo":null,"data_fim_prazo":null,"em_tramitacao":false,"polemica":false,"objeto":"","complementar":false,"ementa":"\u201cD\u00e1 denomina\u00e7\u00e3o de Pra\u00e7a Wagner Miranda de Andrade \u00e0 Pra\u00e7a da Parte Alta do Bairro J\u00f5ao XXIII e d\u00e1 outras provid\u00eancias.\u201d","indexacao":"","observacao":"","resultado":"","texto_original":"http://sapl.muriae.mg.leg.br/media/sapl/public/materialegislativa/2024/10015/p.l._-_praca_do_alto_do_joao_23.pdf","data_ultima_atualizacao":"2024-06-26T08:12:53.851223-03:00","ip":"","ultima_edicao":null,"tipo":1,"regime_tramitacao":1,"tipo_origem_externa":null,"local_origem_externa":null,"user":null,"anexadas":[],"autores":[63]}